{"id":1446,"date":"2026-03-10T15:09:01","date_gmt":"2026-03-10T14:09:01","guid":{"rendered":"https:\/\/mammeascuola.it\/?p=1446"},"modified":"2026-03-10T15:14:35","modified_gmt":"2026-03-10T14:14:35","slug":"dal-bene-confiscato-alla-comunita-voci-studenti-e-cittadini-per-ricostruire-i-territori","status":"publish","type":"post","link":"https:\/\/mammeascuola.it\/it\/dal-bene-confiscato-alla-comunita-voci-studenti-e-cittadini-per-ricostruire-i-territori\/","title":{"rendered":"Dal bene confiscato alla comunit\u00e0: voci, studenti e cittadini per ricostruire i territori"},"content":{"rendered":"<p>In occasione della campagna di raccolta firme promossa da Libera dal titolo <em>\u201cLa ricostruzione delle comunit\u00e0 violate dalla criminalit\u00e0 organizzata: garantire spazi di pensiero, parola e confronto ai cittadini pi\u00f9 esposti e ai pi\u00f9 fragili\u201d<\/em>, venerd\u00ec 6 marzo si \u00e8 svolto un incontro pubblico presso il bene confiscato alla criminalit\u00e0 organizzata \u201cLea Garofalo\u201d in via Varesina 66\/F.<\/p>\n<p>L\u2019iniziativa \u00e8 stata introdotta e presentata da Ornella Sanfilippo, presidente di Mamme a Scuola (MaS), che ha aperto l\u2019incontro sottolineando il valore dei beni confiscati come luoghi restituiti alla collettivit\u00e0 e trasformati in spazi di incontro, partecipazione e costruzione di comunit\u00e0.<\/p>\n<p>Durante la mattinata si sono alternati momenti informativi sulla campagna di Libera e diverse testimonianze. Particolarmente significativa \u00e8 stata la presenza della 1\u00b0 classe media della scuola Puecher, accompagnata dalla propria insegnante, e di alcuni studenti del Liceo Scientifico Piero Bottoni, che hanno partecipato attivamente al confronto con riflessioni e domande sul significato della memoria e dell\u2019impegno civile contro le mafie<\/p>\n<p><img loading=\"lazy\" decoding=\"async\" class=\"alignnone wp-image-1501\" src=\"http:\/\/mammeascuola.it\/wp-content\/uploads\/Studenti-Puecher-2.jpeg\" alt=\"\" width=\"320\" height=\"241\" srcset=\"https:\/\/mammeascuola.it\/wp-content\/uploads\/Studenti-Puecher-2.jpeg 1920w, https:\/\/mammeascuola.it\/wp-content\/uploads\/Studenti-Puecher-2-300x225.jpeg 300w, https:\/\/mammeascuola.it\/wp-content\/uploads\/Studenti-Puecher-2-1024x768.jpeg 1024w, https:\/\/mammeascuola.it\/wp-content\/uploads\/Studenti-Puecher-2-768x576.jpeg 768w, https:\/\/mammeascuola.it\/wp-content\/uploads\/Studenti-Puecher-2-1536x1152.jpeg 1536w\" sizes=\"auto, (max-width: 320px) 100vw, 320px\" \/>\u00a0 \u00a0 \u00a0<img loading=\"lazy\" decoding=\"async\" class=\"alignnone wp-image-1498\" src=\"http:\/\/mammeascuola.it\/wp-content\/uploads\/Studenti-Bottoni.jpeg\" alt=\"\" width=\"180\" height=\"240\" srcset=\"https:\/\/mammeascuola.it\/wp-content\/uploads\/Studenti-Bottoni.jpeg 1440w, https:\/\/mammeascuola.it\/wp-content\/uploads\/Studenti-Bottoni-225x300.jpeg 225w, https:\/\/mammeascuola.it\/wp-content\/uploads\/Studenti-Bottoni-768x1024.jpeg 768w, https:\/\/mammeascuola.it\/wp-content\/uploads\/Studenti-Bottoni-1152x1536.jpeg 1152w\" sizes=\"auto, (max-width: 180px) 100vw, 180px\" \/>\u00a0 \u00a0 <img loading=\"lazy\" decoding=\"async\" class=\"alignnone wp-image-1519\" src=\"http:\/\/mammeascuola.it\/wp-content\/uploads\/Varesina-4.jpeg\" alt=\"\" width=\"316\" height=\"237\" \/><\/p>\n<p>Sono intervenute anche Sara, volontaria, e Sole, educatrice e volontaria di MaS, che hanno condiviso la loro esperienza di lavoro educativo e sociale nel quartiere, evidenziando l\u2019importanza di creare spazi di ascolto, parola e relazione per le donne, le famiglie e le persone pi\u00f9 fragili. A seguire hanno portato la loro testimonianza Verona, di origine egiziana, e Angela, peruviana, che hanno raccontato il proprio percorso all\u2019interno di Mamme a Scuola. Attraverso i corsi di lingua italiana L2 e il corso di introduzione alla mediazione linguistico-culturale, e grazie alle attivit\u00e0 svolte nelle sedi di Varesina e Satta, hanno trovato uno spazio per acquisire strumenti linguistici, fiducia e possibilit\u00e0 di esprimersi, raccontando come il progetto abbia dato loro voce e nuove opportunit\u00e0 di partecipazione nella comunit\u00e0.<\/p>\n<p><img loading=\"lazy\" decoding=\"async\" class=\"alignnone wp-image-1486\" src=\"http:\/\/mammeascuola.it\/wp-content\/uploads\/Sole.jpeg\" alt=\"\" width=\"226\" height=\"301\" \/>\u00a0 \u00a0 \u00a0 \u00a0 \u00a0 \u00a0 <img loading=\"lazy\" decoding=\"async\" class=\"alignnone wp-image-1447\" src=\"http:\/\/mammeascuola.it\/wp-content\/uploads\/Angela.jpeg\" alt=\"\" width=\"227\" height=\"303\" srcset=\"https:\/\/mammeascuola.it\/wp-content\/uploads\/Angela.jpeg 1440w, https:\/\/mammeascuola.it\/wp-content\/uploads\/Angela-225x300.jpeg 225w, https:\/\/mammeascuola.it\/wp-content\/uploads\/Angela-768x1024.jpeg 768w, https:\/\/mammeascuola.it\/wp-content\/uploads\/Angela-1152x1536.jpeg 1152w\" sizes=\"auto, (max-width: 227px) 100vw, 227px\" \/>\u00a0 \u00a0 \u00a0 \u00a0 \u00a0 \u00a0 \u00a0<img loading=\"lazy\" decoding=\"async\" class=\"alignnone wp-image-1522\" src=\"http:\/\/mammeascuola.it\/wp-content\/uploads\/Verona.jpeg\" alt=\"\" width=\"230\" height=\"307\" srcset=\"https:\/\/mammeascuola.it\/wp-content\/uploads\/Verona.jpeg 1440w, https:\/\/mammeascuola.it\/wp-content\/uploads\/Verona-225x300.jpeg 225w, https:\/\/mammeascuola.it\/wp-content\/uploads\/Verona-768x1024.jpeg 768w, https:\/\/mammeascuola.it\/wp-content\/uploads\/Verona-1152x1536.jpeg 1152w\" sizes=\"auto, (max-width: 230px) 100vw, 230px\" \/><\/p>\n<p>Hanno inoltre portato il loro contributo i rappresentanti di Libera, tra cui Pietro Basile, referente di Libera Milano, Davide Pati e Paolo Borsellino, coordinatore del presidio giovani Lea Garofalo di Libera, che hanno illustrato il senso della campagna di raccolta firme e il ruolo fondamentale delle comunit\u00e0 locali nel contrasto alle mafie e nella valorizzazione dei beni confiscati.<\/p>\n<p>Come ricorda don Luigi Ciotti, i beni restituiti alla collettivit\u00e0 <em>\u201cparlano\u201d: raccontano cosa accade quando una ricchezza sporca viene trasformata grazie a un investimento morale e materiale che coinvolge interi territori. Sono il segno concreto di un bene comune che si rafforza ogni volta che un bene confiscato viene usato bene.<\/em><\/p>\n<p>L\u2019incontro si \u00e8 concluso con un momento dedicato alla raccolta delle firme e con uno scambio informale tra i partecipanti, confermando il bene confiscato \u201cLea Garofalo\u201d come uno spazio vivo di partecipazione civica, confronto e costruzione di comunit\u00e0.<\/p>\n<p><img loading=\"lazy\" decoding=\"async\" class=\"alignnone  wp-image-1533\" src=\"http:\/\/mammeascuola.it\/wp-content\/uploads\/Pster-LIbera.jpg\" alt=\"\" width=\"312\" height=\"407\" \/>\u00a0 \u00a0 <img loading=\"lazy\" decoding=\"async\" class=\"alignnone  wp-image-1456\" src=\"http:\/\/mammeascuola.it\/wp-content\/uploads\/Firme.jpeg\" alt=\"\" width=\"305\" height=\"407\" \/><\/p>\n<p>&nbsp;<\/p>\n","protected":false},"excerpt":{"rendered":"<p>In occasione della campagna di raccolta firme promossa da Libera dal titolo \u201cLa ricostruzione delle comunit\u00e0 violate dalla criminalit\u00e0 organizzata:&#8230;<\/p>\n","protected":false},"author":3,"featured_media":1516,"comment_status":"closed","ping_status":"closed","sticky":false,"template":"","format":"standard","meta":{"_acf_changed":false,"footnotes":""},"categories":[1],"tags":[],"class_list":["post-1446","post","type-post","status-publish","format-standard","has-post-thumbnail","hentry","category-non-categorizzato"],"acf":[],"yoast_head":"<!-- This site is optimized with the Yoast SEO plugin v27.5 - https:\/\/yoast.com\/product\/yoast-seo-wordpress\/ -->\n<title>Dal bene confiscato alla comunit\u00e0: voci, studenti e cittadini per ricostruire i territori - Mamme a Scuola<\/title>\n<meta name=\"robots\" content=\"index, follow, max-snippet:-1, max-image-preview:large, max-video-preview:-1\" \/>\n<link rel=\"canonical\" href=\"https:\/\/mammeascuola.it\/it\/dal-bene-confiscato-alla-comunita-voci-studenti-e-cittadini-per-ricostruire-i-territori\/\" \/>\n<meta property=\"og:locale\" content=\"it_IT\" \/>\n<meta property=\"og:type\" content=\"article\" \/>\n<meta property=\"og:title\" content=\"Dal bene confiscato alla comunit\u00e0: voci, studenti e cittadini per ricostruire i territori - Mamme a Scuola\" \/>\n<meta property=\"og:description\" content=\"In occasione della campagna di raccolta firme promossa da Libera dal titolo \u201cLa ricostruzione delle comunit\u00e0 violate dalla criminalit\u00e0 organizzata:...\" \/>\n<meta property=\"og:url\" content=\"https:\/\/mammeascuola.it\/it\/dal-bene-confiscato-alla-comunita-voci-studenti-e-cittadini-per-ricostruire-i-territori\/\" \/>\n<meta property=\"og:site_name\" content=\"Mamme a Scuola\" \/>\n<meta property=\"article:publisher\" content=\"https:\/\/www.facebook.com\/mammeascuola\" \/>\n<meta property=\"article:published_time\" content=\"2026-03-10T14:09:01+00:00\" \/>\n<meta property=\"article:modified_time\" content=\"2026-03-10T14:14:35+00:00\" \/>\n<meta property=\"og:image\" content=\"http:\/\/mammeascuola.it\/wp-content\/uploads\/Varesina-3.jpeg\" \/>\n\t<meta property=\"og:image:width\" content=\"1920\" \/>\n\t<meta property=\"og:image:height\" content=\"1440\" \/>\n\t<meta property=\"og:image:type\" content=\"image\/jpeg\" \/>\n<meta name=\"author\" content=\"Monica\" \/>\n<meta name=\"twitter:card\" content=\"summary_large_image\" \/>\n<meta name=\"twitter:label1\" content=\"Scritto da\" \/>\n\t<meta name=\"twitter:data1\" content=\"Monica\" \/>\n\t<meta name=\"twitter:label2\" content=\"Tempo di lettura stimato\" \/>\n\t<meta name=\"twitter:data2\" content=\"5 minuti\" \/>\n<script type=\"application\/ld+json\" class=\"yoast-schema-graph\">{\"@context\":\"https:\\\/\\\/schema.org\",\"@graph\":[{\"@type\":\"Article\",\"@id\":\"https:\\\/\\\/mammeascuola.it\\\/it\\\/dal-bene-confiscato-alla-comunita-voci-studenti-e-cittadini-per-ricostruire-i-territori\\\/#article\",\"isPartOf\":{\"@id\":\"https:\\\/\\\/mammeascuola.it\\\/it\\\/dal-bene-confiscato-alla-comunita-voci-studenti-e-cittadini-per-ricostruire-i-territori\\\/\"},\"author\":{\"name\":\"Monica\",\"@id\":\"https:\\\/\\\/mammeascuola.it\\\/it\\\/#\\\/schema\\\/person\\\/fb8e139323fae1a436cefcda9e7e1b0a\"},\"headline\":\"Dal bene confiscato alla comunit\u00e0: voci, studenti e cittadini per ricostruire i territori\",\"datePublished\":\"2026-03-10T14:09:01+00:00\",\"dateModified\":\"2026-03-10T14:14:35+00:00\",\"mainEntityOfPage\":{\"@id\":\"https:\\\/\\\/mammeascuola.it\\\/it\\\/dal-bene-confiscato-alla-comunita-voci-studenti-e-cittadini-per-ricostruire-i-territori\\\/\"},\"wordCount\":444,\"publisher\":{\"@id\":\"https:\\\/\\\/mammeascuola.it\\\/it\\\/#organization\"},\"image\":{\"@id\":\"https:\\\/\\\/mammeascuola.it\\\/it\\\/dal-bene-confiscato-alla-comunita-voci-studenti-e-cittadini-per-ricostruire-i-territori\\\/#primaryimage\"},\"thumbnailUrl\":\"https:\\\/\\\/mammeascuola.it\\\/wp-content\\\/uploads\\\/Varesina-3.jpeg\",\"articleSection\":[\"Non categorizzato\"],\"inLanguage\":\"it-IT\"},{\"@type\":\"WebPage\",\"@id\":\"https:\\\/\\\/mammeascuola.it\\\/it\\\/dal-bene-confiscato-alla-comunita-voci-studenti-e-cittadini-per-ricostruire-i-territori\\\/\",\"url\":\"https:\\\/\\\/mammeascuola.it\\\/it\\\/dal-bene-confiscato-alla-comunita-voci-studenti-e-cittadini-per-ricostruire-i-territori\\\/\",\"name\":\"Dal bene confiscato alla comunit\u00e0: voci, studenti e cittadini per ricostruire i territori - Mamme a Scuola\",\"isPartOf\":{\"@id\":\"https:\\\/\\\/mammeascuola.it\\\/it\\\/#website\"},\"primaryImageOfPage\":{\"@id\":\"https:\\\/\\\/mammeascuola.it\\\/it\\\/dal-bene-confiscato-alla-comunita-voci-studenti-e-cittadini-per-ricostruire-i-territori\\\/#primaryimage\"},\"image\":{\"@id\":\"https:\\\/\\\/mammeascuola.it\\\/it\\\/dal-bene-confiscato-alla-comunita-voci-studenti-e-cittadini-per-ricostruire-i-territori\\\/#primaryimage\"},\"thumbnailUrl\":\"https:\\\/\\\/mammeascuola.it\\\/wp-content\\\/uploads\\\/Varesina-3.jpeg\",\"datePublished\":\"2026-03-10T14:09:01+00:00\",\"dateModified\":\"2026-03-10T14:14:35+00:00\",\"inLanguage\":\"it-IT\",\"potentialAction\":[{\"@type\":\"ReadAction\",\"target\":[\"https:\\\/\\\/mammeascuola.it\\\/it\\\/dal-bene-confiscato-alla-comunita-voci-studenti-e-cittadini-per-ricostruire-i-territori\\\/\"]}]},{\"@type\":\"ImageObject\",\"inLanguage\":\"it-IT\",\"@id\":\"https:\\\/\\\/mammeascuola.it\\\/it\\\/dal-bene-confiscato-alla-comunita-voci-studenti-e-cittadini-per-ricostruire-i-territori\\\/#primaryimage\",\"url\":\"https:\\\/\\\/mammeascuola.it\\\/wp-content\\\/uploads\\\/Varesina-3.jpeg\",\"contentUrl\":\"https:\\\/\\\/mammeascuola.it\\\/wp-content\\\/uploads\\\/Varesina-3.jpeg\",\"width\":1920,\"height\":1440},{\"@type\":\"WebSite\",\"@id\":\"https:\\\/\\\/mammeascuola.it\\\/it\\\/#website\",\"url\":\"https:\\\/\\\/mammeascuola.it\\\/it\\\/\",\"name\":\"Mamme a Scuola\",\"description\":\"\",\"publisher\":{\"@id\":\"https:\\\/\\\/mammeascuola.it\\\/it\\\/#organization\"},\"potentialAction\":[{\"@type\":\"SearchAction\",\"target\":{\"@type\":\"EntryPoint\",\"urlTemplate\":\"https:\\\/\\\/mammeascuola.it\\\/it\\\/?s={search_term_string}\"},\"query-input\":{\"@type\":\"PropertyValueSpecification\",\"valueRequired\":true,\"valueName\":\"search_term_string\"}}],\"inLanguage\":\"it-IT\"},{\"@type\":\"Organization\",\"@id\":\"https:\\\/\\\/mammeascuola.it\\\/it\\\/#organization\",\"name\":\"Mamme a Scuola\",\"url\":\"https:\\\/\\\/mammeascuola.it\\\/it\\\/\",\"logo\":{\"@type\":\"ImageObject\",\"inLanguage\":\"it-IT\",\"@id\":\"https:\\\/\\\/mammeascuola.it\\\/it\\\/#\\\/schema\\\/logo\\\/image\\\/\",\"url\":\"http:\\\/\\\/mammeascuola.it\\\/wp-content\\\/uploads\\\/Logo_MaS_2linee.png\",\"contentUrl\":\"http:\\\/\\\/mammeascuola.it\\\/wp-content\\\/uploads\\\/Logo_MaS_2linee.png\",\"width\":760,\"height\":440,\"caption\":\"Mamme a Scuola\"},\"image\":{\"@id\":\"https:\\\/\\\/mammeascuola.it\\\/it\\\/#\\\/schema\\\/logo\\\/image\\\/\"},\"sameAs\":[\"https:\\\/\\\/www.facebook.com\\\/mammeascuola\",\"https:\\\/\\\/www.instagram.com\\\/mamme_a_scuola\\\/\"]},{\"@type\":\"Person\",\"@id\":\"https:\\\/\\\/mammeascuola.it\\\/it\\\/#\\\/schema\\\/person\\\/fb8e139323fae1a436cefcda9e7e1b0a\",\"name\":\"Monica\",\"url\":\"https:\\\/\\\/mammeascuola.it\\\/it\\\/author\\\/utente2\\\/\"}]}<\/script>\n<!-- \/ Yoast SEO plugin. -->","yoast_head_json":{"title":"Dal bene confiscato alla comunit\u00e0: voci, studenti e cittadini per ricostruire i territori - Mamme a Scuola","robots":{"index":"index","follow":"follow","max-snippet":"max-snippet:-1","max-image-preview":"max-image-preview:large","max-video-preview":"max-video-preview:-1"},"canonical":"https:\/\/mammeascuola.it\/it\/dal-bene-confiscato-alla-comunita-voci-studenti-e-cittadini-per-ricostruire-i-territori\/","og_locale":"it_IT","og_type":"article","og_title":"Dal bene confiscato alla comunit\u00e0: voci, studenti e cittadini per ricostruire i territori - Mamme a Scuola","og_description":"In occasione della campagna di raccolta firme promossa da Libera dal titolo \u201cLa ricostruzione delle comunit\u00e0 violate dalla criminalit\u00e0 organizzata:...","og_url":"https:\/\/mammeascuola.it\/it\/dal-bene-confiscato-alla-comunita-voci-studenti-e-cittadini-per-ricostruire-i-territori\/","og_site_name":"Mamme a Scuola","article_publisher":"https:\/\/www.facebook.com\/mammeascuola","article_published_time":"2026-03-10T14:09:01+00:00","article_modified_time":"2026-03-10T14:14:35+00:00","og_image":[{"width":1920,"height":1440,"url":"http:\/\/mammeascuola.it\/wp-content\/uploads\/Varesina-3.jpeg","type":"image\/jpeg"}],"author":"Monica","twitter_card":"summary_large_image","twitter_misc":{"Scritto da":"Monica","Tempo di lettura stimato":"5 minuti"},"schema":{"@context":"https:\/\/schema.org","@graph":[{"@type":"Article","@id":"https:\/\/mammeascuola.it\/it\/dal-bene-confiscato-alla-comunita-voci-studenti-e-cittadini-per-ricostruire-i-territori\/#article","isPartOf":{"@id":"https:\/\/mammeascuola.it\/it\/dal-bene-confiscato-alla-comunita-voci-studenti-e-cittadini-per-ricostruire-i-territori\/"},"author":{"name":"Monica","@id":"https:\/\/mammeascuola.it\/it\/#\/schema\/person\/fb8e139323fae1a436cefcda9e7e1b0a"},"headline":"Dal bene confiscato alla comunit\u00e0: voci, studenti e cittadini per ricostruire i territori","datePublished":"2026-03-10T14:09:01+00:00","dateModified":"2026-03-10T14:14:35+00:00","mainEntityOfPage":{"@id":"https:\/\/mammeascuola.it\/it\/dal-bene-confiscato-alla-comunita-voci-studenti-e-cittadini-per-ricostruire-i-territori\/"},"wordCount":444,"publisher":{"@id":"https:\/\/mammeascuola.it\/it\/#organization"},"image":{"@id":"https:\/\/mammeascuola.it\/it\/dal-bene-confiscato-alla-comunita-voci-studenti-e-cittadini-per-ricostruire-i-territori\/#primaryimage"},"thumbnailUrl":"https:\/\/mammeascuola.it\/wp-content\/uploads\/Varesina-3.jpeg","articleSection":["Non categorizzato"],"inLanguage":"it-IT"},{"@type":"WebPage","@id":"https:\/\/mammeascuola.it\/it\/dal-bene-confiscato-alla-comunita-voci-studenti-e-cittadini-per-ricostruire-i-territori\/","url":"https:\/\/mammeascuola.it\/it\/dal-bene-confiscato-alla-comunita-voci-studenti-e-cittadini-per-ricostruire-i-territori\/","name":"Dal bene confiscato alla comunit\u00e0: voci, studenti e cittadini per ricostruire i territori - Mamme a Scuola","isPartOf":{"@id":"https:\/\/mammeascuola.it\/it\/#website"},"primaryImageOfPage":{"@id":"https:\/\/mammeascuola.it\/it\/dal-bene-confiscato-alla-comunita-voci-studenti-e-cittadini-per-ricostruire-i-territori\/#primaryimage"},"image":{"@id":"https:\/\/mammeascuola.it\/it\/dal-bene-confiscato-alla-comunita-voci-studenti-e-cittadini-per-ricostruire-i-territori\/#primaryimage"},"thumbnailUrl":"https:\/\/mammeascuola.it\/wp-content\/uploads\/Varesina-3.jpeg","datePublished":"2026-03-10T14:09:01+00:00","dateModified":"2026-03-10T14:14:35+00:00","inLanguage":"it-IT","potentialAction":[{"@type":"ReadAction","target":["https:\/\/mammeascuola.it\/it\/dal-bene-confiscato-alla-comunita-voci-studenti-e-cittadini-per-ricostruire-i-territori\/"]}]},{"@type":"ImageObject","inLanguage":"it-IT","@id":"https:\/\/mammeascuola.it\/it\/dal-bene-confiscato-alla-comunita-voci-studenti-e-cittadini-per-ricostruire-i-territori\/#primaryimage","url":"https:\/\/mammeascuola.it\/wp-content\/uploads\/Varesina-3.jpeg","contentUrl":"https:\/\/mammeascuola.it\/wp-content\/uploads\/Varesina-3.jpeg","width":1920,"height":1440},{"@type":"WebSite","@id":"https:\/\/mammeascuola.it\/it\/#website","url":"https:\/\/mammeascuola.it\/it\/","name":"Mamme a Scuola","description":"","publisher":{"@id":"https:\/\/mammeascuola.it\/it\/#organization"},"potentialAction":[{"@type":"SearchAction","target":{"@type":"EntryPoint","urlTemplate":"https:\/\/mammeascuola.it\/it\/?s={search_term_string}"},"query-input":{"@type":"PropertyValueSpecification","valueRequired":true,"valueName":"search_term_string"}}],"inLanguage":"it-IT"},{"@type":"Organization","@id":"https:\/\/mammeascuola.it\/it\/#organization","name":"Mamme a Scuola","url":"https:\/\/mammeascuola.it\/it\/","logo":{"@type":"ImageObject","inLanguage":"it-IT","@id":"https:\/\/mammeascuola.it\/it\/#\/schema\/logo\/image\/","url":"http:\/\/mammeascuola.it\/wp-content\/uploads\/Logo_MaS_2linee.png","contentUrl":"http:\/\/mammeascuola.it\/wp-content\/uploads\/Logo_MaS_2linee.png","width":760,"height":440,"caption":"Mamme a Scuola"},"image":{"@id":"https:\/\/mammeascuola.it\/it\/#\/schema\/logo\/image\/"},"sameAs":["https:\/\/www.facebook.com\/mammeascuola","https:\/\/www.instagram.com\/mamme_a_scuola\/"]},{"@type":"Person","@id":"https:\/\/mammeascuola.it\/it\/#\/schema\/person\/fb8e139323fae1a436cefcda9e7e1b0a","name":"Monica","url":"https:\/\/mammeascuola.it\/it\/author\/utente2\/"}]}},"_links":{"self":[{"href":"https:\/\/mammeascuola.it\/it\/wp-json\/wp\/v2\/posts\/1446","targetHints":{"allow":["GET"]}}],"collection":[{"href":"https:\/\/mammeascuola.it\/it\/wp-json\/wp\/v2\/posts"}],"about":[{"href":"https:\/\/mammeascuola.it\/it\/wp-json\/wp\/v2\/types\/post"}],"author":[{"embeddable":true,"href":"https:\/\/mammeascuola.it\/it\/wp-json\/wp\/v2\/users\/3"}],"replies":[{"embeddable":true,"href":"https:\/\/mammeascuola.it\/it\/wp-json\/wp\/v2\/comments?post=1446"}],"version-history":[{"count":6,"href":"https:\/\/mammeascuola.it\/it\/wp-json\/wp\/v2\/posts\/1446\/revisions"}],"predecessor-version":[{"id":1537,"href":"https:\/\/mammeascuola.it\/it\/wp-json\/wp\/v2\/posts\/1446\/revisions\/1537"}],"wp:featuredmedia":[{"embeddable":true,"href":"https:\/\/mammeascuola.it\/it\/wp-json\/wp\/v2\/media\/1516"}],"wp:attachment":[{"href":"https:\/\/mammeascuola.it\/it\/wp-json\/wp\/v2\/media?parent=1446"}],"wp:term":[{"taxonomy":"category","embeddable":true,"href":"https:\/\/mammeascuola.it\/it\/wp-json\/wp\/v2\/categories?post=1446"},{"taxonomy":"post_tag","embeddable":true,"href":"https:\/\/mammeascuola.it\/it\/wp-json\/wp\/v2\/tags?post=1446"}],"curies":[{"name":"wp","href":"https:\/\/api.w.org\/{rel}","templated":true}]}}